{"id":309,"date":"2017-01-02T18:32:00","date_gmt":"2017-01-02T17:32:00","guid":{"rendered":"https:\/\/oraxativa.com\/2017\/01\/02\/hoy-comienza-a-funcionar-el-nuevo-servicio-de-la-ora\/"},"modified":"2023-07-10T15:09:38","modified_gmt":"2023-07-10T13:09:38","slug":"hoy-comienza-a-funcionar-el-nuevo-servicio-de-la-ora","status":"publish","type":"post","link":"https:\/\/oraxativa.com\/va\/hoy-comienza-a-funcionar-el-nuevo-servicio-de-la-ora\/","title":{"rendered":"Hui comen\u00e7a a funcionar el nou servici de l'ORA"},"content":{"rendered":"\n<h2>Amb la nova regulaci\u00f3 s'allibera el 30% de les places de zona blava<\/h2>\n\n\n\n<p>Hui ha comen\u00e7at a funcionar la nova concessi\u00f3 que gestiona els aparcaments de la zona blava de X\u00e0tiva. Els canvis introdu\u00efts per l'equip de govern han suposat que s'allibere el 30% de les places d'estacionament que estaven sotmeses a la regulaci\u00f3 de l'ORA, tal com va anunciar anteriorment el primer tinent d'alcalde i regidor de Mobilitat, Miquel Lorente. La Baixada de l'Estaci\u00f3 \u00e9s el carrer on m\u00e9s places de zona blava s'han eliminat; un total de 53. Li seguix el carrer Pare Claret, amb 38 places, mentres que en Carlos Sarthou s'han eliminat 26 i en Hort de l'Almunia 25 places. D'altra banda, el preu del temps d'estacionament es mant\u00e9 com fins ara.&nbsp;<\/p>\n\n\n\n<p>La nova concession\u00e0ria del servici de zona blava, l'empresa Dornier SA, ha comen\u00e7at amb les tasques de repintat de les places d'aparcament, per a adaptar el parc d'estacionaments en via p\u00fablica a la nova regulaci\u00f3 establida per l'Ajuntament en el plec de condicions. Segons ha explicat el regidor, \"se ha comen\u00e7at amb la nova senyalitzaci\u00f3 horitzontal en els carrers per a evitar confusions als usuaris, a fi que no es tragueren tiquets d'estacionament en zones que ja no formen part de la zona azul\". Tamb\u00e9 s'ha posat en marxa un dispositiu perqu\u00e8 la restricci\u00f3 de l'aparcament durant les tasques de repintat fora el m\u00e9s breu possible, tenint en compte la campanya de Nadal en els comer\u00e7os de la ciutat. De fet, en alguns punts de la trama urbana, els operaris han retirat les tanques tan sols una hora despr\u00e9s d'haver repintat el paviment.<\/p>\n\n\n\n<p>A m\u00e9s de la reducci\u00f3 d'un 30% de places, el nou plec de condicions contempla la introducci\u00f3 d'una app per a gestionar el pagament del tiquet i la creaci\u00f3 de zona verda per a residents en el nucli antic. Segons Lorente, amb la nova disposici\u00f3 de la zona blava \"se concentra esta regulaci\u00f3 en zones comercials i se suprimixen places en zones residenciales\". El regidor ha anunciat que amb este nou sistema s'espera generar uns ingressos d'entre 90.000 i 100.000 euros anuals. El responsable municipal de l'\u00e0rea de Mobilitat tamb\u00e9 ha destacat la introducci\u00f3 de cl\u00e0usules socials en el plec de condicions.<\/p>\n","protected":false},"excerpt":{"rendered":"<p>Amb la nova regulaci\u00f3 s'allibera el 30% de les places de zona blava<\/p>\n","protected":false},"author":1,"featured_media":243,"comment_status":"open","ping_status":"open","sticky":false,"template":"","format":"standard","meta":[],"categories":[13],"tags":[],"yoast_head":"<!-- This site is optimized with the Yoast SEO plugin v20.12 - https:\/\/yoast.com\/wordpress\/plugins\/seo\/ -->\n<title>Hui comen\u00e7a a funcionar el nou servici de l&#039;ORA - ORA Xativa<\/title>\n<meta name=\"robots\" content=\"index, follow, max-snippet:-1, max-image-preview:large, max-video-preview:-1\" \/>\n<link rel=\"canonical\" href=\"https:\/\/oraxativa.com\/hoy-comienza-a-funcionar-el-nuevo-servicio-de-la-ora\/\" \/>\n<meta property=\"og:locale\" content=\"en_US\" \/>\n<meta property=\"og:type\" content=\"article\" \/>\n<meta property=\"og:title\" content=\"Hui comen\u00e7a a funcionar el nou servici de l&#039;ORA - ORA Xativa\" \/>\n<meta property=\"og:description\" content=\"Amb la nova regulaci\u00f3 s&#039;allibera el 30% de les places de zona blava\" \/>\n<meta property=\"og:url\" content=\"https:\/\/oraxativa.com\/hoy-comienza-a-funcionar-el-nuevo-servicio-de-la-ora\/\" \/>\n<meta property=\"og:site_name\" content=\"ORA Xativa\" \/>\n<meta property=\"article:published_time\" content=\"2017-01-02T17:32:00+00:00\" \/>\n<meta property=\"article:modified_time\" content=\"2023-07-10T13:09:38+00:00\" \/>\n<meta property=\"og:image\" content=\"https:\/\/oraxativa.com\/wp-content\/uploads\/sites\/19\/2023\/06\/589074be4670b_Noticia_Ora_-Xativa.jpg\" \/>\n\t<meta property=\"og:image:width\" content=\"730\" \/>\n\t<meta property=\"og:image:height\" content=\"320\" \/>\n\t<meta property=\"og:image:type\" content=\"image\/jpeg\" \/>\n<meta name=\"author\" content=\"admin\" \/>\n<meta name=\"twitter:card\" content=\"summary_large_image\" \/>\n<meta name=\"twitter:label1\" content=\"Written by\" \/>\n\t<meta name=\"twitter:data1\" content=\"admin\" \/>\n\t<meta name=\"twitter:label2\" content=\"Est. reading time\" \/>\n\t<meta name=\"twitter:data2\" content=\"2 minutes\" \/>\n<script type=\"application\/ld+json\" class=\"yoast-schema-graph\">{\"@context\":\"https:\/\/schema.org\",\"@graph\":[{\"@type\":\"Article\",\"@id\":\"https:\/\/oraxativa.com\/hoy-comienza-a-funcionar-el-nuevo-servicio-de-la-ora\/#article\",\"isPartOf\":{\"@id\":\"https:\/\/oraxativa.com\/hoy-comienza-a-funcionar-el-nuevo-servicio-de-la-ora\/\"},\"author\":{\"name\":\"admin\",\"@id\":\"https:\/\/oraxativa.com\/#\/schema\/person\/3159dc28f69f2219b5527b3bd638281a\"},\"headline\":\"Hui comen\u00e7a a funcionar el nou servici de l'ORA\",\"datePublished\":\"2017-01-02T17:32:00+00:00\",\"dateModified\":\"2023-07-10T13:09:38+00:00\",\"mainEntityOfPage\":{\"@id\":\"https:\/\/oraxativa.com\/hoy-comienza-a-funcionar-el-nuevo-servicio-de-la-ora\/\"},\"wordCount\":412,\"commentCount\":0,\"publisher\":{\"@id\":\"https:\/\/oraxativa.com\/#organization\"},\"articleSection\":[\"Uncategorized @va\"],\"inLanguage\":\"va\",\"potentialAction\":[{\"@type\":\"CommentAction\",\"name\":\"Comment\",\"target\":[\"https:\/\/oraxativa.com\/hoy-comienza-a-funcionar-el-nuevo-servicio-de-la-ora\/#respond\"]}]},{\"@type\":\"WebPage\",\"@id\":\"https:\/\/oraxativa.com\/hoy-comienza-a-funcionar-el-nuevo-servicio-de-la-ora\/\",\"url\":\"https:\/\/oraxativa.com\/hoy-comienza-a-funcionar-el-nuevo-servicio-de-la-ora\/\",\"name\":\"Hui comen\u00e7a a funcionar el nou servici de l'ORA - ORA Xativa\",\"isPartOf\":{\"@id\":\"https:\/\/oraxativa.com\/#website\"},\"datePublished\":\"2017-01-02T17:32:00+00:00\",\"dateModified\":\"2023-07-10T13:09:38+00:00\",\"breadcrumb\":{\"@id\":\"https:\/\/oraxativa.com\/hoy-comienza-a-funcionar-el-nuevo-servicio-de-la-ora\/#breadcrumb\"},\"inLanguage\":\"va\",\"potentialAction\":[{\"@type\":\"ReadAction\",\"target\":[\"https:\/\/oraxativa.com\/hoy-comienza-a-funcionar-el-nuevo-servicio-de-la-ora\/\"]}]},{\"@type\":\"BreadcrumbList\",\"@id\":\"https:\/\/oraxativa.com\/hoy-comienza-a-funcionar-el-nuevo-servicio-de-la-ora\/#breadcrumb\",\"itemListElement\":[{\"@type\":\"ListItem\",\"position\":1,\"name\":\"Home\",\"item\":\"https:\/\/oraxativa.com\/\"},{\"@type\":\"ListItem\",\"position\":2,\"name\":\"Hui comen\u00e7a a funcionar el nou servici de l'ORA\"}]},{\"@type\":\"WebSite\",\"@id\":\"https:\/\/oraxativa.com\/#website\",\"url\":\"https:\/\/oraxativa.com\/\",\"name\":\"ORA Xativa\",\"description\":\"Just another ORA Sites site\",\"publisher\":{\"@id\":\"https:\/\/oraxativa.com\/#organization\"},\"potentialAction\":[{\"@type\":\"SearchAction\",\"target\":{\"@type\":\"EntryPoint\",\"urlTemplate\":\"https:\/\/oraxativa.com\/?s={search_term_string}\"},\"query-input\":\"required name=search_term_string\"}],\"inLanguage\":\"va\"},{\"@type\":\"Organization\",\"@id\":\"https:\/\/oraxativa.com\/#organization\",\"name\":\"ORA Xativa\",\"url\":\"https:\/\/oraxativa.com\/\",\"logo\":{\"@type\":\"ImageObject\",\"inLanguage\":\"va\",\"@id\":\"https:\/\/oraxativa.com\/#\/schema\/logo\/image\/\",\"url\":\"https:\/\/oraxativa.com\/wp-content\/uploads\/sites\/19\/2023\/06\/logo-xativa.jpg\",\"contentUrl\":\"https:\/\/oraxativa.com\/wp-content\/uploads\/sites\/19\/2023\/06\/logo-xativa.jpg\",\"width\":128,\"height\":32,\"caption\":\"ORA Xativa\"},\"image\":{\"@id\":\"https:\/\/oraxativa.com\/#\/schema\/logo\/image\/\"}},{\"@type\":\"Person\",\"@id\":\"https:\/\/oraxativa.com\/#\/schema\/person\/3159dc28f69f2219b5527b3bd638281a\",\"name\":\"admin\",\"image\":{\"@type\":\"ImageObject\",\"inLanguage\":\"va\",\"@id\":\"https:\/\/oraxativa.com\/#\/schema\/person\/image\/\",\"url\":\"https:\/\/secure.gravatar.com\/avatar\/37fd03e1daa3142a9682adb12711f5d0?s=96&d=mm&r=g\",\"contentUrl\":\"https:\/\/secure.gravatar.com\/avatar\/37fd03e1daa3142a9682adb12711f5d0?s=96&d=mm&r=g\",\"caption\":\"admin\"},\"sameAs\":[\"https:\/\/ora.cmspro.telpark.com\"],\"url\":\"https:\/\/oraxativa.com\/va\/author\/admin\/\"}]}<\/script>\n<!-- \/ Yoast SEO plugin. -->","yoast_head_json":{"title":"Hui comen\u00e7a a funcionar el nou servici de l'ORA - ORA Xativa","robots":{"index":"index","follow":"follow","max-snippet":"max-snippet:-1","max-image-preview":"max-image-preview:large","max-video-preview":"max-video-preview:-1"},"canonical":"https:\/\/oraxativa.com\/hoy-comienza-a-funcionar-el-nuevo-servicio-de-la-ora\/","og_locale":"en_US","og_type":"article","og_title":"Hui comen\u00e7a a funcionar el nou servici de l'ORA - ORA Xativa","og_description":"Amb la nova regulaci\u00f3 s'allibera el 30% de les places de zona blava","og_url":"https:\/\/oraxativa.com\/hoy-comienza-a-funcionar-el-nuevo-servicio-de-la-ora\/","og_site_name":"ORA Xativa","article_published_time":"2017-01-02T17:32:00+00:00","article_modified_time":"2023-07-10T13:09:38+00:00","og_image":[{"width":730,"height":320,"url":"https:\/\/oraxativa.com\/wp-content\/uploads\/sites\/19\/2023\/06\/589074be4670b_Noticia_Ora_-Xativa.jpg","type":"image\/jpeg"}],"author":"admin","twitter_card":"summary_large_image","twitter_misc":{"Written by":"admin","Est. reading time":"2 minutes"},"schema":{"@context":"https:\/\/schema.org","@graph":[{"@type":"Article","@id":"https:\/\/oraxativa.com\/hoy-comienza-a-funcionar-el-nuevo-servicio-de-la-ora\/#article","isPartOf":{"@id":"https:\/\/oraxativa.com\/hoy-comienza-a-funcionar-el-nuevo-servicio-de-la-ora\/"},"author":{"name":"admin","@id":"https:\/\/oraxativa.com\/#\/schema\/person\/3159dc28f69f2219b5527b3bd638281a"},"headline":"Hui comen\u00e7a a funcionar el nou servici de l'ORA","datePublished":"2017-01-02T17:32:00+00:00","dateModified":"2023-07-10T13:09:38+00:00","mainEntityOfPage":{"@id":"https:\/\/oraxativa.com\/hoy-comienza-a-funcionar-el-nuevo-servicio-de-la-ora\/"},"wordCount":412,"commentCount":0,"publisher":{"@id":"https:\/\/oraxativa.com\/#organization"},"articleSection":["Uncategorized @va"],"inLanguage":"va","potentialAction":[{"@type":"CommentAction","name":"Comment","target":["https:\/\/oraxativa.com\/hoy-comienza-a-funcionar-el-nuevo-servicio-de-la-ora\/#respond"]}]},{"@type":"WebPage","@id":"https:\/\/oraxativa.com\/hoy-comienza-a-funcionar-el-nuevo-servicio-de-la-ora\/","url":"https:\/\/oraxativa.com\/hoy-comienza-a-funcionar-el-nuevo-servicio-de-la-ora\/","name":"Hui comen\u00e7a a funcionar el nou servici de l'ORA - ORA Xativa","isPartOf":{"@id":"https:\/\/oraxativa.com\/#website"},"datePublished":"2017-01-02T17:32:00+00:00","dateModified":"2023-07-10T13:09:38+00:00","breadcrumb":{"@id":"https:\/\/oraxativa.com\/hoy-comienza-a-funcionar-el-nuevo-servicio-de-la-ora\/#breadcrumb"},"inLanguage":"va","potentialAction":[{"@type":"ReadAction","target":["https:\/\/oraxativa.com\/hoy-comienza-a-funcionar-el-nuevo-servicio-de-la-ora\/"]}]},{"@type":"BreadcrumbList","@id":"https:\/\/oraxativa.com\/hoy-comienza-a-funcionar-el-nuevo-servicio-de-la-ora\/#breadcrumb","itemListElement":[{"@type":"ListItem","position":1,"name":"Home","item":"https:\/\/oraxativa.com\/"},{"@type":"ListItem","position":2,"name":"Hui comen\u00e7a a funcionar el nou servici de l'ORA"}]},{"@type":"WebSite","@id":"https:\/\/oraxativa.com\/#website","url":"https:\/\/oraxativa.com\/","name":"ORA Xativa","description":"Just another ORA Sites site","publisher":{"@id":"https:\/\/oraxativa.com\/#organization"},"potentialAction":[{"@type":"SearchAction","target":{"@type":"EntryPoint","urlTemplate":"https:\/\/oraxativa.com\/?s={search_term_string}"},"query-input":"required name=search_term_string"}],"inLanguage":"va"},{"@type":"Organization","@id":"https:\/\/oraxativa.com\/#organization","name":"ORA Xativa","url":"https:\/\/oraxativa.com\/","logo":{"@type":"ImageObject","inLanguage":"va","@id":"https:\/\/oraxativa.com\/#\/schema\/logo\/image\/","url":"https:\/\/oraxativa.com\/wp-content\/uploads\/sites\/19\/2023\/06\/logo-xativa.jpg","contentUrl":"https:\/\/oraxativa.com\/wp-content\/uploads\/sites\/19\/2023\/06\/logo-xativa.jpg","width":128,"height":32,"caption":"ORA Xativa"},"image":{"@id":"https:\/\/oraxativa.com\/#\/schema\/logo\/image\/"}},{"@type":"Person","@id":"https:\/\/oraxativa.com\/#\/schema\/person\/3159dc28f69f2219b5527b3bd638281a","name":"admin","image":{"@type":"ImageObject","inLanguage":"va","@id":"https:\/\/oraxativa.com\/#\/schema\/person\/image\/","url":"https:\/\/secure.gravatar.com\/avatar\/37fd03e1daa3142a9682adb12711f5d0?s=96&d=mm&r=g","contentUrl":"https:\/\/secure.gravatar.com\/avatar\/37fd03e1daa3142a9682adb12711f5d0?s=96&d=mm&r=g","caption":"admin"},"sameAs":["https:\/\/ora.cmspro.telpark.com"],"url":"https:\/\/oraxativa.com\/va\/author\/admin\/"}]}},"meta_box":{"title":false,"level_title":false,"caption":false,"image":false,"style":false,"background":false,"image_mobile":false,"content_group":false,"show_google_play":false,"button_color_google_play":false,"show_apple_store":false,"button_color_apple_store":false,"banner_cta_type":false,"background_color":false,"background_mobile":false,"text-align":false,"size":false,"order":false,"description":false,"buttons_info":false,"cards":false,"button_info":false,"variant":false,"search_category":false,"benefits":false,"option_block":false,"location":false,"persons":false,"show_as_card":false,"text_color":false,"height":false,"show_selector":false,"placeholder":false,"searchbar_type":false,"searchbar_type_home":false,"products":false,"type":false,"columns":false,"show_mobile":false,"hide_mobile":false,"header":false,"KML":false,"tabs":false,"buttons":false,"choose_parking":false,"parkings":false,"data":false,"text":false,"short_code":false,"map":false},"_links":{"self":[{"href":"https:\/\/oraxativa.com\/va\/wp-json\/wp\/v2\/posts\/309"}],"collection":[{"href":"https:\/\/oraxativa.com\/va\/wp-json\/wp\/v2\/posts"}],"about":[{"href":"https:\/\/oraxativa.com\/va\/wp-json\/wp\/v2\/types\/post"}],"author":[{"embeddable":true,"href":"https:\/\/oraxativa.com\/va\/wp-json\/wp\/v2\/users\/1"}],"replies":[{"embeddable":true,"href":"https:\/\/oraxativa.com\/va\/wp-json\/wp\/v2\/comments?post=309"}],"version-history":[{"count":1,"href":"https:\/\/oraxativa.com\/va\/wp-json\/wp\/v2\/posts\/309\/revisions"}],"predecessor-version":[{"id":383,"href":"https:\/\/oraxativa.com\/va\/wp-json\/wp\/v2\/posts\/309\/revisions\/383"}],"wp:featuredmedia":[{"embeddable":true,"href":"https:\/\/oraxativa.com\/va\/wp-json\/wp\/v2\/media\/243"}],"wp:attachment":[{"href":"https:\/\/oraxativa.com\/va\/wp-json\/wp\/v2\/media?parent=309"}],"wp:term":[{"taxonomy":"category","embeddable":true,"href":"https:\/\/oraxativa.com\/va\/wp-json\/wp\/v2\/categories?post=309"},{"taxonomy":"post_tag","embeddable":true,"href":"https:\/\/oraxativa.com\/va\/wp-json\/wp\/v2\/tags?post=309"}],"curies":[{"name":"wp","href":"https:\/\/api.w.org\/{rel}","templated":true}]}}